{"id":3738,"date":"2020-01-13T15:28:53","date_gmt":"2020-01-13T14:28:53","guid":{"rendered":"http:\/\/arwann.com\/?p=3738"},"modified":"2020-01-13T15:28:54","modified_gmt":"2020-01-13T14:28:54","slug":"les-chevaliers-du-taennchel","status":"publish","type":"post","link":"https:\/\/arwann.com\/?p=3738","title":{"rendered":"Les Chevaliers du Taennchel"},"content":{"rendered":"\n<p>Les Chevaliers du Taennchel : des crois\u00e9s du XXIe si\u00e8cle<br>par Anne le Pape du quotidien PRESENT <\/p>\n\n\n\n<p>Nos lecteurs connaissent bien Fran\u00e7ois Villars, auteur de romans scouts d\u2019excellente tenue. L\u2019auteur suit le destin d\u2019une patrouille, qui voit ses membres grandir et donc franchir les divers \u00e9chelons, du \u00ab cul de pat \u00bb au CP. Nulle monotonie, donc, dans l\u2019ensemble de ces romans, parmi lesquels nous avouons une pr\u00e9f\u00e9rence pour Le Dernier Camisard et La Petite Croix de Laponie. <\/p>\n\n\n\n<figure class=\"wp-block-image size-large\"><img loading=\"lazy\" decoding=\"async\" width=\"1000\" height=\"1000\" src=\"http:\/\/arwann.com\/wp-content\/uploads\/2019\/11\/Couverture-Taennchel-1.jpg\" alt=\"\" class=\"wp-image-3575\" srcset=\"https:\/\/arwann.com\/wp-content\/uploads\/2019\/11\/Couverture-Taennchel-1.jpg 1000w, https:\/\/arwann.com\/wp-content\/uploads\/2019\/11\/Couverture-Taennchel-1-150x150.jpg 150w, https:\/\/arwann.com\/wp-content\/uploads\/2019\/11\/Couverture-Taennchel-1-300x300.jpg 300w, https:\/\/arwann.com\/wp-content\/uploads\/2019\/11\/Couverture-Taennchel-1-768x768.jpg 768w, https:\/\/arwann.com\/wp-content\/uploads\/2019\/11\/Couverture-Taennchel-1-200x200.jpg 200w, https:\/\/arwann.com\/wp-content\/uploads\/2019\/11\/Couverture-Taennchel-1-100x100.jpg 100w\" sizes=\"auto, (max-width: 1000px) 100vw, 1000px\" \/><\/figure>\n\n\n\n<p><\/p>\n\n\n\n<p>Dans ce nouvel ouvrage, Jo\u00ebl, sous la direction du chef Dimitri, est devenu chef de patrouille. La troupe s\u2019installe dans les Vosges. Chacun se demande bien quel sera cette fois le th\u00e8me du grand jeu. Les scouts ne seront pas d\u00e9\u00e7us et se laisseront volontiers prendre \u00e0 une histoire de fant\u00f4me. Rassurez-vous, rien que de tr\u00e8s sain dans tout cela, la le\u00e7on principale leur montrant combien il est important d\u2019aider les \u00e2mes du purgatoire. <\/p>\n\n\n\n<p>Aucun esprit de syst\u00e8me chez Villars : il n\u2019a pas peur d\u2019affronter le th\u00e8me d\u2019une troupe au mauvais esprit car, comme partout en ce bas monde, il existe aussi des \u00ab rat\u00e9s \u00bb dans le scoutisme \u2013 il ne s\u2019agit \u00e9videmment pas de la troupe que l\u2019on suit depuis le d\u00e9but des aventures de nos h\u00e9ros. Faire aimer la pi\u00e9t\u00e9 plut\u00f4t que de l\u2019imposer semble un des devoirs des chefs. Au passage, l\u2019adolescent sera sensible \u00e0 une bonne analyse des croisades, ou bien \u00e0 l\u2019\u00e9vocation de ses difficult\u00e9s \u2013 ainsi que les moyens de les surmonter \u2013 devant l\u2019exigence de la puret\u00e9. <\/p>\n\n\n\n<p>Villars conna\u00eet parfaitement non seulement le monde du scoutisme mais aussi celui de la famille, et m\u00eame de la famille nombreuse. Ses \u00e9crits profitent de son imagination d\u00e9bordante, mais aussi de son exp\u00e9rience. Le lecteur assidu de ses romans le retrouvera avec grand plaisir dans ces Chevaliers du Taennchel, volume qui fournira \u00e9galement \u00e0 ceux qui veulent le d\u00e9couvrir une excellente porte d\u2019entr\u00e9e dans son \u0153uvre. <\/p>\n\n\n\n<p>\u2022 Fran\u00e7ois Villars, Les Chevaliers du Taennchel, \u00e9d. Arwann, 258 pages, 15 euros. Pour les adolescents d\u2019au moins 14 ans. Site : www.arwann.com ; courriel :<\/p>\n","protected":false},"excerpt":{"rendered":"<p>Les Chevaliers du Taennchel : des crois\u00e9s du XXIe si\u00e8clepar Anne le Pape du quotidien PRESENT Nos lecteurs connaissent bien Fran\u00e7ois Villars, auteur de romans scouts d\u2019excellente tenue. L\u2019auteur suit le destin d\u2019une patrouille, qui voit ses membres grandir et donc franchir les divers \u00e9chelons, du \u00ab cul de pat \u00bb au CP. Nulle monotonie, &hellip; <a href=\"https:\/\/arwann.com\/?p=3738\" class=\"more-link\">Continuer la lecture de <span class=\"screen-reader-text\">Les Chevaliers du Taennchel<\/span> <span class=\"meta-nav\">&rarr;<\/span><\/a><\/p>\n","protected":false},"author":1,"featured_media":0,"comment_status":"open","ping_status":"open","sticky":false,"template":"","format":"link","meta":{"footnotes":""},"categories":[19],"tags":[],"class_list":["post-3738","post","type-post","status-publish","format-link","hentry","category-annonce","post_format-post-format-link"],"yoast_head":"<!-- This site is optimized with the Yoast SEO plugin v27.2 - https:\/\/yoast.com\/product\/yoast-seo-wordpress\/ -->\n<title>Les Chevaliers du Taennchel -<\/title>\n<meta name=\"robots\" content=\"index, follow, max-snippet:-1, max-image-preview:large, max-video-preview:-1\" \/>\n<link rel=\"canonical\" href=\"https:\/\/arwann.com\/?p=3738\" \/>\n<meta property=\"og:locale\" content=\"fr_FR\" \/>\n<meta property=\"og:type\" content=\"article\" \/>\n<meta property=\"og:title\" content=\"Les Chevaliers du Taennchel -\" \/>\n<meta property=\"og:description\" content=\"Les Chevaliers du Taennchel : des crois\u00e9s du XXIe si\u00e8clepar Anne le Pape du quotidien PRESENT Nos lecteurs connaissent bien Fran\u00e7ois Villars, auteur de romans scouts d\u2019excellente tenue. L\u2019auteur suit le destin d\u2019une patrouille, qui voit ses membres grandir et donc franchir les divers \u00e9chelons, du \u00ab cul de pat \u00bb au CP. Nulle monotonie, &hellip; Continuer la lecture de Les Chevaliers du Taennchel &rarr;\" \/>\n<meta property=\"og:url\" content=\"https:\/\/arwann.com\/?p=3738\" \/>\n<meta property=\"article:published_time\" content=\"2020-01-13T14:28:53+00:00\" \/>\n<meta property=\"article:modified_time\" content=\"2020-01-13T14:28:54+00:00\" \/>\n<meta property=\"og:image\" content=\"http:\/\/arwann.com\/wp-content\/uploads\/2019\/11\/Couverture-Taennchel-1.jpg\" \/>\n<meta name=\"author\" content=\"admin-arwann\" \/>\n<meta name=\"twitter:label1\" content=\"\u00c9crit par\" \/>\n\t<meta name=\"twitter:data1\" content=\"admin-arwann\" \/>\n\t<meta name=\"twitter:label2\" content=\"Dur\u00e9e de lecture estim\u00e9e\" \/>\n\t<meta name=\"twitter:data2\" content=\"2 minutes\" \/>\n<script type=\"application\/ld+json\" class=\"yoast-schema-graph\">{\"@context\":\"https:\/\/schema.org\",\"@graph\":[{\"@type\":\"Article\",\"@id\":\"https:\/\/arwann.com\/?p=3738#article\",\"isPartOf\":{\"@id\":\"https:\/\/arwann.com\/?p=3738\"},\"author\":{\"name\":\"admin-arwann\",\"@id\":\"https:\/\/arwann.com\/#\/schema\/person\/c9e4c309a2d98fbf2bc838baa242d734\"},\"headline\":\"Les Chevaliers du Taennchel\",\"datePublished\":\"2020-01-13T14:28:53+00:00\",\"dateModified\":\"2020-01-13T14:28:54+00:00\",\"mainEntityOfPage\":{\"@id\":\"https:\/\/arwann.com\/?p=3738\"},\"wordCount\":374,\"commentCount\":1,\"publisher\":{\"@id\":\"https:\/\/arwann.com\/#organization\"},\"image\":{\"@id\":\"https:\/\/arwann.com\/?p=3738#primaryimage\"},\"thumbnailUrl\":\"http:\/\/arwann.com\/wp-content\/uploads\/2019\/11\/Couverture-Taennchel-1.jpg\",\"articleSection\":[\"annonce\"],\"inLanguage\":\"fr-FR\",\"potentialAction\":[{\"@type\":\"CommentAction\",\"name\":\"Comment\",\"target\":[\"https:\/\/arwann.com\/?p=3738#respond\"]}]},{\"@type\":\"WebPage\",\"@id\":\"https:\/\/arwann.com\/?p=3738\",\"url\":\"https:\/\/arwann.com\/?p=3738\",\"name\":\"Les Chevaliers du Taennchel -\",\"isPartOf\":{\"@id\":\"https:\/\/arwann.com\/#website\"},\"primaryImageOfPage\":{\"@id\":\"https:\/\/arwann.com\/?p=3738#primaryimage\"},\"image\":{\"@id\":\"https:\/\/arwann.com\/?p=3738#primaryimage\"},\"thumbnailUrl\":\"http:\/\/arwann.com\/wp-content\/uploads\/2019\/11\/Couverture-Taennchel-1.jpg\",\"datePublished\":\"2020-01-13T14:28:53+00:00\",\"dateModified\":\"2020-01-13T14:28:54+00:00\",\"breadcrumb\":{\"@id\":\"https:\/\/arwann.com\/?p=3738#breadcrumb\"},\"inLanguage\":\"fr-FR\",\"potentialAction\":[{\"@type\":\"ReadAction\",\"target\":[\"https:\/\/arwann.com\/?p=3738\"]}]},{\"@type\":\"ImageObject\",\"inLanguage\":\"fr-FR\",\"@id\":\"https:\/\/arwann.com\/?p=3738#primaryimage\",\"url\":\"https:\/\/arwann.com\/wp-content\/uploads\/2019\/11\/Couverture-Taennchel-1.jpg\",\"contentUrl\":\"https:\/\/arwann.com\/wp-content\/uploads\/2019\/11\/Couverture-Taennchel-1.jpg\",\"width\":1000,\"height\":1000},{\"@type\":\"BreadcrumbList\",\"@id\":\"https:\/\/arwann.com\/?p=3738#breadcrumb\",\"itemListElement\":[{\"@type\":\"ListItem\",\"position\":1,\"name\":\"Home\",\"item\":\"http:\/\/arwann.com\/\"},{\"@type\":\"ListItem\",\"position\":2,\"name\":\"Les Chevaliers du Taennchel\"}]},{\"@type\":\"WebSite\",\"@id\":\"https:\/\/arwann.com\/#website\",\"url\":\"https:\/\/arwann.com\/\",\"name\":\"Arwann.com\",\"description\":\"\",\"publisher\":{\"@id\":\"https:\/\/arwann.com\/#organization\"},\"potentialAction\":[{\"@type\":\"SearchAction\",\"target\":{\"@type\":\"EntryPoint\",\"urlTemplate\":\"https:\/\/arwann.com\/?s={search_term_string}\"},\"query-input\":{\"@type\":\"PropertyValueSpecification\",\"valueRequired\":true,\"valueName\":\"search_term_string\"}}],\"inLanguage\":\"fr-FR\"},{\"@type\":\"Organization\",\"@id\":\"https:\/\/arwann.com\/#organization\",\"name\":\"Arwann\",\"url\":\"https:\/\/arwann.com\/\",\"logo\":{\"@type\":\"ImageObject\",\"inLanguage\":\"fr-FR\",\"@id\":\"https:\/\/arwann.com\/#\/schema\/logo\/image\/\",\"url\":\"http:\/\/arwann.com\/wp-content\/uploads\/2014\/04\/cropped-bandeau-arwann-5.png\",\"contentUrl\":\"http:\/\/arwann.com\/wp-content\/uploads\/2014\/04\/cropped-bandeau-arwann-5.png\",\"width\":1600,\"height\":230,\"caption\":\"Arwann\"},\"image\":{\"@id\":\"https:\/\/arwann.com\/#\/schema\/logo\/image\/\"}},{\"@type\":\"Person\",\"@id\":\"https:\/\/arwann.com\/#\/schema\/person\/c9e4c309a2d98fbf2bc838baa242d734\",\"name\":\"admin-arwann\",\"image\":{\"@type\":\"ImageObject\",\"inLanguage\":\"fr-FR\",\"@id\":\"https:\/\/secure.gravatar.com\/avatar\/5c7092dae815854bac7ec38ad503f9e2305ed46416d1b9ea1b543c19d83f611d?s=96&d=mm&r=g\",\"url\":\"https:\/\/secure.gravatar.com\/avatar\/5c7092dae815854bac7ec38ad503f9e2305ed46416d1b9ea1b543c19d83f611d?s=96&d=mm&r=g\",\"contentUrl\":\"https:\/\/secure.gravatar.com\/avatar\/5c7092dae815854bac7ec38ad503f9e2305ed46416d1b9ea1b543c19d83f611d?s=96&d=mm&r=g\",\"caption\":\"admin-arwann\"}}]}<\/script>\n<!-- \/ Yoast SEO plugin. -->","yoast_head_json":{"title":"Les Chevaliers du Taennchel -","robots":{"index":"index","follow":"follow","max-snippet":"max-snippet:-1","max-image-preview":"max-image-preview:large","max-video-preview":"max-video-preview:-1"},"canonical":"https:\/\/arwann.com\/?p=3738","og_locale":"fr_FR","og_type":"article","og_title":"Les Chevaliers du Taennchel -","og_description":"Les Chevaliers du Taennchel : des crois\u00e9s du XXIe si\u00e8clepar Anne le Pape du quotidien PRESENT Nos lecteurs connaissent bien Fran\u00e7ois Villars, auteur de romans scouts d\u2019excellente tenue. L\u2019auteur suit le destin d\u2019une patrouille, qui voit ses membres grandir et donc franchir les divers \u00e9chelons, du \u00ab cul de pat \u00bb au CP. Nulle monotonie, &hellip; Continuer la lecture de Les Chevaliers du Taennchel &rarr;","og_url":"https:\/\/arwann.com\/?p=3738","article_published_time":"2020-01-13T14:28:53+00:00","article_modified_time":"2020-01-13T14:28:54+00:00","og_image":[{"url":"http:\/\/arwann.com\/wp-content\/uploads\/2019\/11\/Couverture-Taennchel-1.jpg","type":"","width":"","height":""}],"author":"admin-arwann","twitter_misc":{"\u00c9crit par":"admin-arwann","Dur\u00e9e de lecture estim\u00e9e":"2 minutes"},"schema":{"@context":"https:\/\/schema.org","@graph":[{"@type":"Article","@id":"https:\/\/arwann.com\/?p=3738#article","isPartOf":{"@id":"https:\/\/arwann.com\/?p=3738"},"author":{"name":"admin-arwann","@id":"https:\/\/arwann.com\/#\/schema\/person\/c9e4c309a2d98fbf2bc838baa242d734"},"headline":"Les Chevaliers du Taennchel","datePublished":"2020-01-13T14:28:53+00:00","dateModified":"2020-01-13T14:28:54+00:00","mainEntityOfPage":{"@id":"https:\/\/arwann.com\/?p=3738"},"wordCount":374,"commentCount":1,"publisher":{"@id":"https:\/\/arwann.com\/#organization"},"image":{"@id":"https:\/\/arwann.com\/?p=3738#primaryimage"},"thumbnailUrl":"http:\/\/arwann.com\/wp-content\/uploads\/2019\/11\/Couverture-Taennchel-1.jpg","articleSection":["annonce"],"inLanguage":"fr-FR","potentialAction":[{"@type":"CommentAction","name":"Comment","target":["https:\/\/arwann.com\/?p=3738#respond"]}]},{"@type":"WebPage","@id":"https:\/\/arwann.com\/?p=3738","url":"https:\/\/arwann.com\/?p=3738","name":"Les Chevaliers du Taennchel -","isPartOf":{"@id":"https:\/\/arwann.com\/#website"},"primaryImageOfPage":{"@id":"https:\/\/arwann.com\/?p=3738#primaryimage"},"image":{"@id":"https:\/\/arwann.com\/?p=3738#primaryimage"},"thumbnailUrl":"http:\/\/arwann.com\/wp-content\/uploads\/2019\/11\/Couverture-Taennchel-1.jpg","datePublished":"2020-01-13T14:28:53+00:00","dateModified":"2020-01-13T14:28:54+00:00","breadcrumb":{"@id":"https:\/\/arwann.com\/?p=3738#breadcrumb"},"inLanguage":"fr-FR","potentialAction":[{"@type":"ReadAction","target":["https:\/\/arwann.com\/?p=3738"]}]},{"@type":"ImageObject","inLanguage":"fr-FR","@id":"https:\/\/arwann.com\/?p=3738#primaryimage","url":"https:\/\/arwann.com\/wp-content\/uploads\/2019\/11\/Couverture-Taennchel-1.jpg","contentUrl":"https:\/\/arwann.com\/wp-content\/uploads\/2019\/11\/Couverture-Taennchel-1.jpg","width":1000,"height":1000},{"@type":"BreadcrumbList","@id":"https:\/\/arwann.com\/?p=3738#breadcrumb","itemListElement":[{"@type":"ListItem","position":1,"name":"Home","item":"http:\/\/arwann.com\/"},{"@type":"ListItem","position":2,"name":"Les Chevaliers du Taennchel"}]},{"@type":"WebSite","@id":"https:\/\/arwann.com\/#website","url":"https:\/\/arwann.com\/","name":"Arwann.com","description":"","publisher":{"@id":"https:\/\/arwann.com\/#organization"},"potentialAction":[{"@type":"SearchAction","target":{"@type":"EntryPoint","urlTemplate":"https:\/\/arwann.com\/?s={search_term_string}"},"query-input":{"@type":"PropertyValueSpecification","valueRequired":true,"valueName":"search_term_string"}}],"inLanguage":"fr-FR"},{"@type":"Organization","@id":"https:\/\/arwann.com\/#organization","name":"Arwann","url":"https:\/\/arwann.com\/","logo":{"@type":"ImageObject","inLanguage":"fr-FR","@id":"https:\/\/arwann.com\/#\/schema\/logo\/image\/","url":"http:\/\/arwann.com\/wp-content\/uploads\/2014\/04\/cropped-bandeau-arwann-5.png","contentUrl":"http:\/\/arwann.com\/wp-content\/uploads\/2014\/04\/cropped-bandeau-arwann-5.png","width":1600,"height":230,"caption":"Arwann"},"image":{"@id":"https:\/\/arwann.com\/#\/schema\/logo\/image\/"}},{"@type":"Person","@id":"https:\/\/arwann.com\/#\/schema\/person\/c9e4c309a2d98fbf2bc838baa242d734","name":"admin-arwann","image":{"@type":"ImageObject","inLanguage":"fr-FR","@id":"https:\/\/secure.gravatar.com\/avatar\/5c7092dae815854bac7ec38ad503f9e2305ed46416d1b9ea1b543c19d83f611d?s=96&d=mm&r=g","url":"https:\/\/secure.gravatar.com\/avatar\/5c7092dae815854bac7ec38ad503f9e2305ed46416d1b9ea1b543c19d83f611d?s=96&d=mm&r=g","contentUrl":"https:\/\/secure.gravatar.com\/avatar\/5c7092dae815854bac7ec38ad503f9e2305ed46416d1b9ea1b543c19d83f611d?s=96&d=mm&r=g","caption":"admin-arwann"}}]}},"_links":{"self":[{"href":"https:\/\/arwann.com\/index.php?rest_route=\/wp\/v2\/posts\/3738","targetHints":{"allow":["GET"]}}],"collection":[{"href":"https:\/\/arwann.com\/index.php?rest_route=\/wp\/v2\/posts"}],"about":[{"href":"https:\/\/arwann.com\/index.php?rest_route=\/wp\/v2\/types\/post"}],"author":[{"embeddable":true,"href":"https:\/\/arwann.com\/index.php?rest_route=\/wp\/v2\/users\/1"}],"replies":[{"embeddable":true,"href":"https:\/\/arwann.com\/index.php?rest_route=%2Fwp%2Fv2%2Fcomments&post=3738"}],"version-history":[{"count":3,"href":"https:\/\/arwann.com\/index.php?rest_route=\/wp\/v2\/posts\/3738\/revisions"}],"predecessor-version":[{"id":3743,"href":"https:\/\/arwann.com\/index.php?rest_route=\/wp\/v2\/posts\/3738\/revisions\/3743"}],"wp:attachment":[{"href":"https:\/\/arwann.com\/index.php?rest_route=%2Fwp%2Fv2%2Fmedia&parent=3738"}],"wp:term":[{"taxonomy":"category","embeddable":true,"href":"https:\/\/arwann.com\/index.php?rest_route=%2Fwp%2Fv2%2Fcategories&post=3738"},{"taxonomy":"post_tag","embeddable":true,"href":"https:\/\/arwann.com\/index.php?rest_route=%2Fwp%2Fv2%2Ftags&post=3738"}],"curies":[{"name":"wp","href":"https:\/\/api.w.org\/{rel}","templated":true}]}}