{"id":2880,"date":"2015-09-29T20:17:52","date_gmt":"2015-09-29T19:17:52","guid":{"rendered":"http:\/\/arwann.com\/?p=2880"},"modified":"2016-01-21T19:47:31","modified_gmt":"2016-01-21T18:47:31","slug":"mission-arwann-a-saint-petersbourg","status":"publish","type":"post","link":"http:\/\/arwann.com\/?p=2880","title":{"rendered":"Mission ARWANN \u00e0 Saint P\u00e9tersbourg"},"content":{"rendered":"<p style=\"text-align: justify;\">Article paru dans Pr\u00e9sent du vendredi 18 septembre 2015<br \/>\npropos recueillis par Anne Lepape<\/p>\n<p style=\"text-align: justify;\"><strong><em>Fran\u00e7ois Villars, vous revenez d\u2019un s\u00e9jour \u00e0 Saint-P\u00e9tersbourg, qu\u2019est-ce qui vous a conduit l\u00e0-bas\u00a0?<br \/>\n<\/em><\/strong>\u2014 Je travaille sur trois ouvrages qui se d\u00e9rouleront en Finlande, \u00e0 P\u00e9tersbourg et dans les Pays Baltes. Je connaissais d\u00e9j\u00e0 tr\u00e8s bien la Finlande, assez bien les \u00c9tats baltes mais pas du tout la ville de Pierre le Grand. Nous avons donc mont\u00e9 une mission Arwann pour nous impr\u00e9gner de l\u2019atmosph\u00e8re de la deuxi\u00e8me ville de Russie. Nous y sommes all\u00e9s en minibus et ferries, sans voyagiste, en supportant de perdre deux heures au poste fronti\u00e8re, \u00e0 l\u2019aller comme au retour. Il est indispensable de poss\u00e9der quelques rudiments de russe, l\u2019anglais est tr\u00e8s rarement parl\u00e9. Pour mieux sentir la population et la ville, nous avons choisi de camper\u2026 tr\u00e8s folklorique\u00a0!<\/p>\n<p style=\"text-align: justify;\"><strong><em>\u2014 Saint-P\u00e9tersbourg est c\u00e9l\u00e8bre pour ses palais, ses mus\u00e9es et ses \u00e9glises, les avez-vous visit\u00e9s\u00a0?<br \/>\n<\/em><\/strong><\/p>\n<figure id=\"attachment_2884\" aria-describedby=\"caption-attachment-2884\" style=\"width: 604px\" class=\"wp-caption alignleft\"><a href=\"http:\/\/arwann.com\/wp-content\/uploads\/2015\/09\/P-01780-mask.jpg\"><img loading=\"lazy\" decoding=\"async\" class=\"wp-image-2884 size-large\" src=\"http:\/\/arwann.com\/wp-content\/uploads\/2015\/09\/P-01780-mask-689x1024.jpg\" alt=\"La mission ARWANN devant Saint Sauveur par le sang \" width=\"604\" height=\"898\" srcset=\"http:\/\/arwann.com\/wp-content\/uploads\/2015\/09\/P-01780-mask-689x1024.jpg 689w, http:\/\/arwann.com\/wp-content\/uploads\/2015\/09\/P-01780-mask-300x446.jpg 300w, http:\/\/arwann.com\/wp-content\/uploads\/2015\/09\/P-01780-mask-202x300.jpg 202w\" sizes=\"auto, (max-width: 604px) 100vw, 604px\" \/><\/a><figcaption id=\"caption-attachment-2884\" class=\"wp-caption-text\">La mission ARWANN devant Saint Sauveur sur le sang vers\u00e9<\/figcaption><\/figure>\n<p style=\"text-align: justify;\">\u2014Je n\u2019ai qu\u2019un mot\u00a0: tout est magnifique. \u00c0 P\u00e9tersbourg, tout est extraordinairement beau et cette beaut\u00e9 parle aussi bien aux initi\u00e9s qu\u2019aux \u00e2mes simples. Les restaurations de la r\u00e9sidence d\u2019\u00e9t\u00e9, Peterhof (prononcez Petergof pour \u00eatre compris) comme celle du palais de l\u2019Ermitage, sur la Neva, sont exceptionnelles et rien, comme un vagin de la reine ou un homard g\u00e9ant en plastique, pour g\u00e2cher l\u2019\u00e9merveillement.<br \/>\nLors de notre visite \u00e0 l\u2019Ermitage, c\u2019\u00e9tait le jour mensuel de gratuit\u00e9, \u00e0 l\u2019heure d\u2019ouverture il y avait deux files d\u2019au moins 3\u00a0000 personnes chacune\u2026 Gr\u00e2ce \u00e0 nos billets pris sur internet, nous sommes entr\u00e9s les premiers et avons pu d\u00e9couvrir ce magnifique palais avant que la foule ne l\u2019envahisse. Chaque salle est unique et offre un ravissement diff\u00e9rent. Du temps de Pierre le Grand et longtemps apr\u00e8s encore, il est certain que les moujiks ont souffert mais, aujourd\u2019hui, chaque Russe poss\u00e8de pour lui cette beaut\u00e9 extraordinaire et, en ce jour de gratuit\u00e9, les russophones supplantaient tr\u00e8s largement les groupes de touristes.<br \/>\nPour les \u00e9glises et les cath\u00e9drales, je n\u2019ai qu\u2019un conseil, il faut absolument visiter ces merveilles le matin, d\u00e8s l\u2019ouverture, pour \u00e9viter l\u2019affluence.<\/p>\n<p style=\"text-align: justify;\"><strong><em>\u2014 En dehors du parcours du touriste oblig\u00e9, o\u00f9 \u00eates-vous all\u00e9s\u00a0pour rencontrer l\u2019\u00e2me de P\u00e9tersbourg ?<br \/>\n<\/em><\/strong>\u2014 Nous sommes all\u00e9s sur la route, dans le m\u00e9tro, dans les gares, dans les bus et les trolleys, les tramways, les stations-services (35 roubles le litre de diesel = 0,48\u00a0euros), les supermarch\u00e9s, les magasins, les caf\u00e9s, les banques, les boutiques bon march\u00e9, les souks orientaux, la perspective Nevsky, les cit\u00e9s HLM, les nouvelles cit\u00e9s, les chantiers\u2026 partout. P\u00e9tersbourg est une ville r\u00e9cente, pas de ruelles, tout est large et spacieux et les immeubles n\u2019exc\u00e8dent jamais quatre \u00e9tages, l\u2019eau des canaux est partout.<br \/>\nAu-del\u00e0 du centre-ville avec ses monuments se trouve une large ceinture \u00ab\u00a0stalinienne\u00a0\u00bb et, encore au-del\u00e0, une ceinture de b\u00e2timents r\u00e9cents et modernes. La phase de restauration au centre semble presque achev\u00e9e et il y a relativement peu de travaux en cours, mais il suffit de regarder au loin depuis l&rsquo;immense d\u00f4me de Saint-Isaac pour d\u00e9couvrir une for\u00eat de grues : P\u00e9tersbourg est une ville en pleine expansion. D\u2019\u00e9normes travaux maritimes ont lieu pour que l\u2019\u00eele principale de Vasilievski puisse accueillir toute sorte de ferries, rouliers et autres gigantesques navires.<\/p>\n<p style=\"text-align: justify;\"><strong><em>\u2014 Quels sont les points qui vous ont marqu\u00e9s et que nous retrouverons sans doute dans ces prochains ouvrages que vous nous promettez\u00a0?<br \/>\n<\/em><\/strong>\u2014 Il y a tant \u00e0 dire\u00a0! Mais je ne retiendrai que deux points. Le premier concerne la population\u00a0: P\u00e9tersbourg \u00e9tant la plus europ\u00e9enne des villes russes, je m\u2019attendais \u00e0 y trouver l\u2019\u00e9quivalent des Parisiens et des Parisiennes\u2026 quelle erreur\u00a0! Le c\u0153ur de la Russie a \u00e9t\u00e9 initialement peupl\u00e9e de Slaves ou Rus qui viendraient des Carpates, des Vikings ou<\/p>\n<figure id=\"attachment_2882\" aria-describedby=\"caption-attachment-2882\" style=\"width: 604px\" class=\"wp-caption alignright\"><a href=\"http:\/\/arwann.com\/wp-content\/uploads\/2015\/09\/P-01260.jpg\"><img loading=\"lazy\" decoding=\"async\" class=\"wp-image-2882 size-large\" src=\"http:\/\/arwann.com\/wp-content\/uploads\/2015\/09\/P-01260-1024x683.jpg\" alt=\"Palais de l'Ermitage : Tout y est extraordinairement beau\" width=\"604\" height=\"403\" srcset=\"http:\/\/arwann.com\/wp-content\/uploads\/2015\/09\/P-01260-1024x683.jpg 1024w, http:\/\/arwann.com\/wp-content\/uploads\/2015\/09\/P-01260-300x200.jpg 300w\" sizes=\"auto, (max-width: 604px) 100vw, 604px\" \/><\/a><figcaption id=\"caption-attachment-2882\" class=\"wp-caption-text\">Palais de l&rsquo;Ermitage : Tout y est extraordinairement beau<\/figcaption><\/figure>\n<p style=\"text-align: justify;\">Var\u00e8gues s\u2019y sont m\u00eal\u00e9s. En revanche, l\u2019empire russe d\u2019aujourd\u2019hui rassemble un grand nombre de peuples. Observons les fronti\u00e8res : des Finnois et des Scandinaves vers le nord-ouest, des Germaniques vers l\u2019est, des Arm\u00e9niens au sud-est, des Irakiens et de Iraniens plus loin au sud-est et, enfin, des Jaunes de tous types, dans toute la Sib\u00e9rie et jusque sur les c\u00f4tes arctiques. Cette grande diversit\u00e9 se retrouve dans les types russes. En se promenant sur la perspective Nevsky, (une fois retir\u00e9s les touristes \u00e9trangers, tr\u00e8s reconnaissables), on ne peut ignorer qu\u2019on se trouve en Russie. Les hommes pr\u00e9sentent en majorit\u00e9 des traits typiques rappelant un peu les must\u00e9lid\u00e9s, ou alors ils ont la t\u00eate bien ronde, il y a \u00e9galement des profils d\u2019aigles pour ceux du sud-est. Chez nombre de femmes, on distingue la touche hunnique, mongole, tchouktche, yakoute, nen\u00e8tse\u00a0: visage large, pommettes hautes, yeux tr\u00e8s clairs, tr\u00e8s expressifs et l\u00e9g\u00e8rement brid\u00e9s, et souvent ce petit nez fin, en trompette, qui se termine en boule. Il y a beaucoup d\u2019\u00e9l\u00e9gantes sur Nevski et elles aiment la couleur, contrairement aux Parisiennes qui n\u2019aiment que le noir. Et les hommes\u00a0? Les hommes semblent ignorer le port du jogging et c\u2019est tant mieux. Les jeunes gens m\u2019ont laiss\u00e9 une impression de virilit\u00e9 bien sup\u00e9rieure \u00e0 celle que l\u2019on per\u00e7oit en France.<br \/>\nNous avons \u00e9t\u00e9 aussi tr\u00e8s surpris du nombre de mariages rencontr\u00e9s chaque jour\u00a0: au moins cinq ou six, de toutes conditions sociales.<br \/>\nLa nation russe r\u00e9alise une cohabitation parfaitement r\u00e9ussie car il n\u2019y a pas de d\u00e9racin\u00e9s, pas de racisme et\u2026 pas de complexes\u00a0: dans le souk ouszbek, un peu derri\u00e8re les grands magasins, pistolet mitrailleur approvisionn\u00e9 en bandouli\u00e8re, j\u2019ai vu un policier tout seul qui contr\u00f4lait deux \u00ab\u00a0faci\u00e8s\u00a0\u00bb qui se tenaient \u00e0 carreau. Imaginez la m\u00eame sc\u00e8ne aux puces de Saint-Ouen\u00a0!<\/p>\n<p style=\"text-align: justify;\"><strong><em>\u2014 Et le second point qui vous a marqu\u00e9\u00a0?<br \/>\n<\/em><\/strong>\u2014 La vie est tr\u00e8s simple malgr\u00e9 la technologie. Chacun s\u2019adapte pour le d\u00e9tail et l\u2019efficacit\u00e9. Imaginez par exemple Paris sans p\u00e9age, sans parcm\u00e8tres, sans radar, sans cam\u00e9ras\u00a0et sans encombrements ! Pourtant, \u00e7a roule et \u00e7a stationne et malgr\u00e9 \u00e7a, m\u00eame aux heures de pointes, pas de coups de klaxon rageurs, pas d\u2019\u00e9nervement\u2026 juste de l\u2019efficacit\u00e9 individuelle en plus de l\u2019organisation g\u00e9n\u00e9rale. Mais il n\u2019y a pas que la circulation qui donne cette impression, absolument partout, une multitude de petites gens \u00ab\u00a0r\u00e9gulent\u00a0\u00bb et pr\u00e9viennent les probl\u00e8mes bien mieux que les cam\u00e9ras de flicage. \u00c0 P\u00e9tersbourg, par exemple, on se gare \u00e9norm\u00e9ment en \u00e9pi (les rues sont toujours tr\u00e8s larges), comme notre minibus est un peu long j\u2019avais peur qu\u2019il n\u2019empi\u00e8te trop sur la rue alors je l\u2019avais gar\u00e9 davantage inclin\u00e9\u2026 le \u00ab\u00a0surveillant\u00a0\u00bb d\u2019un h\u00f4tel s\u2019est lev\u00e9 et m\u2019a expliqu\u00e9 que je devais me garer bien parall\u00e8le aux autres voitures. En somme, j\u2019ai retrouv\u00e9 l\u2019atmosph\u00e8re de simplicit\u00e9 des ann\u00e9es\u00a060 et 70\u2026 cette \u00e9poque b\u00e9nie, encore vierge de tout ce fatras de r\u00e8gles, de normes, de directives qui nous pourrissent la vie. C\u2019est en quittant la Russie pour entrer en Estonie que j\u2019ai brutalement pris conscience de cette simplicit\u00e9\u2026 et il y a 12 ans seulement que l\u2019Estonie a rejoint Bruxelles.<br \/>\nLa Russie est en train de trouver son propre chemin, dans le plein respect de son identit\u00e9 et de sa grandeur.<\/p>\n","protected":false},"excerpt":{"rendered":"<p>Article paru dans Pr\u00e9sent du vendredi 18 septembre 2015 propos recueillis par Anne Lepape Fran\u00e7ois Villars, vous revenez d\u2019un s\u00e9jour \u00e0 Saint-P\u00e9tersbourg, qu\u2019est-ce qui vous a conduit l\u00e0-bas\u00a0? \u2014 Je travaille sur trois ouvrages qui se d\u00e9rouleront en Finlande, \u00e0 P\u00e9tersbourg et dans les Pays Baltes. Je connaissais d\u00e9j\u00e0 tr\u00e8s bien la Finlande, assez bien &hellip; <a href=\"http:\/\/arwann.com\/?p=2880\" class=\"more-link\">Continuer la lecture de <span class=\"screen-reader-text\">Mission ARWANN \u00e0 Saint P\u00e9tersbourg<\/span> <span class=\"meta-nav\">&rarr;<\/span><\/a><\/p>\n","protected":false},"author":1,"featured_media":0,"comment_status":"open","ping_status":"open","sticky":false,"template":"","format":"link","meta":{"footnotes":""},"categories":[19],"tags":[],"class_list":["post-2880","post","type-post","status-publish","format-link","hentry","category-annonce","post_format-post-format-link"],"yoast_head":"<!-- This site is optimized with the Yoast SEO plugin v27.2 - https:\/\/yoast.com\/product\/yoast-seo-wordpress\/ -->\n<title>Mission ARWANN \u00e0 Saint P\u00e9tersbourg -<\/title>\n<meta name=\"robots\" content=\"index, follow, max-snippet:-1, max-image-preview:large, max-video-preview:-1\" \/>\n<link rel=\"canonical\" href=\"http:\/\/arwann.com\/?p=2880\" \/>\n<meta property=\"og:locale\" content=\"fr_FR\" \/>\n<meta property=\"og:type\" content=\"article\" \/>\n<meta property=\"og:title\" content=\"Mission ARWANN \u00e0 Saint P\u00e9tersbourg -\" \/>\n<meta property=\"og:description\" content=\"Article paru dans Pr\u00e9sent du vendredi 18 septembre 2015 propos recueillis par Anne Lepape Fran\u00e7ois Villars, vous revenez d\u2019un s\u00e9jour \u00e0 Saint-P\u00e9tersbourg, qu\u2019est-ce qui vous a conduit l\u00e0-bas\u00a0? \u2014 Je travaille sur trois ouvrages qui se d\u00e9rouleront en Finlande, \u00e0 P\u00e9tersbourg et dans les Pays Baltes. Je connaissais d\u00e9j\u00e0 tr\u00e8s bien la Finlande, assez bien &hellip; Continuer la lecture de Mission ARWANN \u00e0 Saint P\u00e9tersbourg &rarr;\" \/>\n<meta property=\"og:url\" content=\"http:\/\/arwann.com\/?p=2880\" \/>\n<meta property=\"article:published_time\" content=\"2015-09-29T19:17:52+00:00\" \/>\n<meta property=\"article:modified_time\" content=\"2016-01-21T18:47:31+00:00\" \/>\n<meta property=\"og:image\" content=\"http:\/\/arwann.com\/wp-content\/uploads\/2015\/09\/P-01780-mask-689x1024.jpg\" \/>\n<meta name=\"author\" content=\"admin-arwann\" \/>\n<meta name=\"twitter:label1\" content=\"\u00c9crit par\" \/>\n\t<meta name=\"twitter:data1\" content=\"admin-arwann\" \/>\n\t<meta name=\"twitter:label2\" content=\"Dur\u00e9e de lecture estim\u00e9e\" \/>\n\t<meta name=\"twitter:data2\" content=\"7 minutes\" \/>\n<script type=\"application\/ld+json\" class=\"yoast-schema-graph\">{\"@context\":\"https:\/\/schema.org\",\"@graph\":[{\"@type\":\"Article\",\"@id\":\"http:\/\/arwann.com\/?p=2880#article\",\"isPartOf\":{\"@id\":\"http:\/\/arwann.com\/?p=2880\"},\"author\":{\"name\":\"admin-arwann\",\"@id\":\"http:\/\/arwann.com\/#\/schema\/person\/c9e4c309a2d98fbf2bc838baa242d734\"},\"headline\":\"Mission ARWANN \u00e0 Saint P\u00e9tersbourg\",\"datePublished\":\"2015-09-29T19:17:52+00:00\",\"dateModified\":\"2016-01-21T18:47:31+00:00\",\"mainEntityOfPage\":{\"@id\":\"http:\/\/arwann.com\/?p=2880\"},\"wordCount\":1338,\"commentCount\":0,\"publisher\":{\"@id\":\"http:\/\/arwann.com\/#organization\"},\"image\":{\"@id\":\"http:\/\/arwann.com\/?p=2880#primaryimage\"},\"thumbnailUrl\":\"http:\/\/arwann.com\/wp-content\/uploads\/2015\/09\/P-01780-mask-689x1024.jpg\",\"articleSection\":[\"annonce\"],\"inLanguage\":\"fr-FR\",\"potentialAction\":[{\"@type\":\"CommentAction\",\"name\":\"Comment\",\"target\":[\"http:\/\/arwann.com\/?p=2880#respond\"]}]},{\"@type\":\"WebPage\",\"@id\":\"http:\/\/arwann.com\/?p=2880\",\"url\":\"http:\/\/arwann.com\/?p=2880\",\"name\":\"Mission ARWANN \u00e0 Saint P\u00e9tersbourg -\",\"isPartOf\":{\"@id\":\"http:\/\/arwann.com\/#website\"},\"primaryImageOfPage\":{\"@id\":\"http:\/\/arwann.com\/?p=2880#primaryimage\"},\"image\":{\"@id\":\"http:\/\/arwann.com\/?p=2880#primaryimage\"},\"thumbnailUrl\":\"http:\/\/arwann.com\/wp-content\/uploads\/2015\/09\/P-01780-mask-689x1024.jpg\",\"datePublished\":\"2015-09-29T19:17:52+00:00\",\"dateModified\":\"2016-01-21T18:47:31+00:00\",\"breadcrumb\":{\"@id\":\"http:\/\/arwann.com\/?p=2880#breadcrumb\"},\"inLanguage\":\"fr-FR\",\"potentialAction\":[{\"@type\":\"ReadAction\",\"target\":[\"http:\/\/arwann.com\/?p=2880\"]}]},{\"@type\":\"ImageObject\",\"inLanguage\":\"fr-FR\",\"@id\":\"http:\/\/arwann.com\/?p=2880#primaryimage\",\"url\":\"http:\/\/arwann.com\/wp-content\/uploads\/2015\/09\/P-01780-mask.jpg\",\"contentUrl\":\"http:\/\/arwann.com\/wp-content\/uploads\/2015\/09\/P-01780-mask.jpg\",\"width\":2624,\"height\":3902,\"caption\":\"La mission ARWANN devant Saint Sauveur par le sang\"},{\"@type\":\"BreadcrumbList\",\"@id\":\"http:\/\/arwann.com\/?p=2880#breadcrumb\",\"itemListElement\":[{\"@type\":\"ListItem\",\"position\":1,\"name\":\"Home\",\"item\":\"http:\/\/arwann.com\/\"},{\"@type\":\"ListItem\",\"position\":2,\"name\":\"Mission ARWANN \u00e0 Saint P\u00e9tersbourg\"}]},{\"@type\":\"WebSite\",\"@id\":\"http:\/\/arwann.com\/#website\",\"url\":\"http:\/\/arwann.com\/\",\"name\":\"Arwann.com\",\"description\":\"\",\"publisher\":{\"@id\":\"http:\/\/arwann.com\/#organization\"},\"potentialAction\":[{\"@type\":\"SearchAction\",\"target\":{\"@type\":\"EntryPoint\",\"urlTemplate\":\"http:\/\/arwann.com\/?s={search_term_string}\"},\"query-input\":{\"@type\":\"PropertyValueSpecification\",\"valueRequired\":true,\"valueName\":\"search_term_string\"}}],\"inLanguage\":\"fr-FR\"},{\"@type\":\"Organization\",\"@id\":\"http:\/\/arwann.com\/#organization\",\"name\":\"Arwann\",\"url\":\"http:\/\/arwann.com\/\",\"logo\":{\"@type\":\"ImageObject\",\"inLanguage\":\"fr-FR\",\"@id\":\"http:\/\/arwann.com\/#\/schema\/logo\/image\/\",\"url\":\"http:\/\/arwann.com\/wp-content\/uploads\/2014\/04\/cropped-bandeau-arwann-5.png\",\"contentUrl\":\"http:\/\/arwann.com\/wp-content\/uploads\/2014\/04\/cropped-bandeau-arwann-5.png\",\"width\":1600,\"height\":230,\"caption\":\"Arwann\"},\"image\":{\"@id\":\"http:\/\/arwann.com\/#\/schema\/logo\/image\/\"}},{\"@type\":\"Person\",\"@id\":\"http:\/\/arwann.com\/#\/schema\/person\/c9e4c309a2d98fbf2bc838baa242d734\",\"name\":\"admin-arwann\",\"image\":{\"@type\":\"ImageObject\",\"inLanguage\":\"fr-FR\",\"@id\":\"https:\/\/secure.gravatar.com\/avatar\/5c7092dae815854bac7ec38ad503f9e2305ed46416d1b9ea1b543c19d83f611d?s=96&d=mm&r=g\",\"url\":\"https:\/\/secure.gravatar.com\/avatar\/5c7092dae815854bac7ec38ad503f9e2305ed46416d1b9ea1b543c19d83f611d?s=96&d=mm&r=g\",\"contentUrl\":\"https:\/\/secure.gravatar.com\/avatar\/5c7092dae815854bac7ec38ad503f9e2305ed46416d1b9ea1b543c19d83f611d?s=96&d=mm&r=g\",\"caption\":\"admin-arwann\"}}]}<\/script>\n<!-- \/ Yoast SEO plugin. -->","yoast_head_json":{"title":"Mission ARWANN \u00e0 Saint P\u00e9tersbourg -","robots":{"index":"index","follow":"follow","max-snippet":"max-snippet:-1","max-image-preview":"max-image-preview:large","max-video-preview":"max-video-preview:-1"},"canonical":"http:\/\/arwann.com\/?p=2880","og_locale":"fr_FR","og_type":"article","og_title":"Mission ARWANN \u00e0 Saint P\u00e9tersbourg -","og_description":"Article paru dans Pr\u00e9sent du vendredi 18 septembre 2015 propos recueillis par Anne Lepape Fran\u00e7ois Villars, vous revenez d\u2019un s\u00e9jour \u00e0 Saint-P\u00e9tersbourg, qu\u2019est-ce qui vous a conduit l\u00e0-bas\u00a0? \u2014 Je travaille sur trois ouvrages qui se d\u00e9rouleront en Finlande, \u00e0 P\u00e9tersbourg et dans les Pays Baltes. Je connaissais d\u00e9j\u00e0 tr\u00e8s bien la Finlande, assez bien &hellip; Continuer la lecture de Mission ARWANN \u00e0 Saint P\u00e9tersbourg &rarr;","og_url":"http:\/\/arwann.com\/?p=2880","article_published_time":"2015-09-29T19:17:52+00:00","article_modified_time":"2016-01-21T18:47:31+00:00","og_image":[{"url":"http:\/\/arwann.com\/wp-content\/uploads\/2015\/09\/P-01780-mask-689x1024.jpg","type":"","width":"","height":""}],"author":"admin-arwann","twitter_misc":{"\u00c9crit par":"admin-arwann","Dur\u00e9e de lecture estim\u00e9e":"7 minutes"},"schema":{"@context":"https:\/\/schema.org","@graph":[{"@type":"Article","@id":"http:\/\/arwann.com\/?p=2880#article","isPartOf":{"@id":"http:\/\/arwann.com\/?p=2880"},"author":{"name":"admin-arwann","@id":"http:\/\/arwann.com\/#\/schema\/person\/c9e4c309a2d98fbf2bc838baa242d734"},"headline":"Mission ARWANN \u00e0 Saint P\u00e9tersbourg","datePublished":"2015-09-29T19:17:52+00:00","dateModified":"2016-01-21T18:47:31+00:00","mainEntityOfPage":{"@id":"http:\/\/arwann.com\/?p=2880"},"wordCount":1338,"commentCount":0,"publisher":{"@id":"http:\/\/arwann.com\/#organization"},"image":{"@id":"http:\/\/arwann.com\/?p=2880#primaryimage"},"thumbnailUrl":"http:\/\/arwann.com\/wp-content\/uploads\/2015\/09\/P-01780-mask-689x1024.jpg","articleSection":["annonce"],"inLanguage":"fr-FR","potentialAction":[{"@type":"CommentAction","name":"Comment","target":["http:\/\/arwann.com\/?p=2880#respond"]}]},{"@type":"WebPage","@id":"http:\/\/arwann.com\/?p=2880","url":"http:\/\/arwann.com\/?p=2880","name":"Mission ARWANN \u00e0 Saint P\u00e9tersbourg -","isPartOf":{"@id":"http:\/\/arwann.com\/#website"},"primaryImageOfPage":{"@id":"http:\/\/arwann.com\/?p=2880#primaryimage"},"image":{"@id":"http:\/\/arwann.com\/?p=2880#primaryimage"},"thumbnailUrl":"http:\/\/arwann.com\/wp-content\/uploads\/2015\/09\/P-01780-mask-689x1024.jpg","datePublished":"2015-09-29T19:17:52+00:00","dateModified":"2016-01-21T18:47:31+00:00","breadcrumb":{"@id":"http:\/\/arwann.com\/?p=2880#breadcrumb"},"inLanguage":"fr-FR","potentialAction":[{"@type":"ReadAction","target":["http:\/\/arwann.com\/?p=2880"]}]},{"@type":"ImageObject","inLanguage":"fr-FR","@id":"http:\/\/arwann.com\/?p=2880#primaryimage","url":"http:\/\/arwann.com\/wp-content\/uploads\/2015\/09\/P-01780-mask.jpg","contentUrl":"http:\/\/arwann.com\/wp-content\/uploads\/2015\/09\/P-01780-mask.jpg","width":2624,"height":3902,"caption":"La mission ARWANN devant Saint Sauveur par le sang"},{"@type":"BreadcrumbList","@id":"http:\/\/arwann.com\/?p=2880#breadcrumb","itemListElement":[{"@type":"ListItem","position":1,"name":"Home","item":"http:\/\/arwann.com\/"},{"@type":"ListItem","position":2,"name":"Mission ARWANN \u00e0 Saint P\u00e9tersbourg"}]},{"@type":"WebSite","@id":"http:\/\/arwann.com\/#website","url":"http:\/\/arwann.com\/","name":"Arwann.com","description":"","publisher":{"@id":"http:\/\/arwann.com\/#organization"},"potentialAction":[{"@type":"SearchAction","target":{"@type":"EntryPoint","urlTemplate":"http:\/\/arwann.com\/?s={search_term_string}"},"query-input":{"@type":"PropertyValueSpecification","valueRequired":true,"valueName":"search_term_string"}}],"inLanguage":"fr-FR"},{"@type":"Organization","@id":"http:\/\/arwann.com\/#organization","name":"Arwann","url":"http:\/\/arwann.com\/","logo":{"@type":"ImageObject","inLanguage":"fr-FR","@id":"http:\/\/arwann.com\/#\/schema\/logo\/image\/","url":"http:\/\/arwann.com\/wp-content\/uploads\/2014\/04\/cropped-bandeau-arwann-5.png","contentUrl":"http:\/\/arwann.com\/wp-content\/uploads\/2014\/04\/cropped-bandeau-arwann-5.png","width":1600,"height":230,"caption":"Arwann"},"image":{"@id":"http:\/\/arwann.com\/#\/schema\/logo\/image\/"}},{"@type":"Person","@id":"http:\/\/arwann.com\/#\/schema\/person\/c9e4c309a2d98fbf2bc838baa242d734","name":"admin-arwann","image":{"@type":"ImageObject","inLanguage":"fr-FR","@id":"https:\/\/secure.gravatar.com\/avatar\/5c7092dae815854bac7ec38ad503f9e2305ed46416d1b9ea1b543c19d83f611d?s=96&d=mm&r=g","url":"https:\/\/secure.gravatar.com\/avatar\/5c7092dae815854bac7ec38ad503f9e2305ed46416d1b9ea1b543c19d83f611d?s=96&d=mm&r=g","contentUrl":"https:\/\/secure.gravatar.com\/avatar\/5c7092dae815854bac7ec38ad503f9e2305ed46416d1b9ea1b543c19d83f611d?s=96&d=mm&r=g","caption":"admin-arwann"}}]}},"_links":{"self":[{"href":"http:\/\/arwann.com\/index.php?rest_route=\/wp\/v2\/posts\/2880","targetHints":{"allow":["GET"]}}],"collection":[{"href":"http:\/\/arwann.com\/index.php?rest_route=\/wp\/v2\/posts"}],"about":[{"href":"http:\/\/arwann.com\/index.php?rest_route=\/wp\/v2\/types\/post"}],"author":[{"embeddable":true,"href":"http:\/\/arwann.com\/index.php?rest_route=\/wp\/v2\/users\/1"}],"replies":[{"embeddable":true,"href":"http:\/\/arwann.com\/index.php?rest_route=%2Fwp%2Fv2%2Fcomments&post=2880"}],"version-history":[{"count":2,"href":"http:\/\/arwann.com\/index.php?rest_route=\/wp\/v2\/posts\/2880\/revisions"}],"predecessor-version":[{"id":2996,"href":"http:\/\/arwann.com\/index.php?rest_route=\/wp\/v2\/posts\/2880\/revisions\/2996"}],"wp:attachment":[{"href":"http:\/\/arwann.com\/index.php?rest_route=%2Fwp%2Fv2%2Fmedia&parent=2880"}],"wp:term":[{"taxonomy":"category","embeddable":true,"href":"http:\/\/arwann.com\/index.php?rest_route=%2Fwp%2Fv2%2Fcategories&post=2880"},{"taxonomy":"post_tag","embeddable":true,"href":"http:\/\/arwann.com\/index.php?rest_route=%2Fwp%2Fv2%2Ftags&post=2880"}],"curies":[{"name":"wp","href":"https:\/\/api.w.org\/{rel}","templated":true}]}}